{"id":21606,"date":"2025-12-05T11:34:30","date_gmt":"2025-12-05T10:34:30","guid":{"rendered":"https:\/\/cpzizur.educacion.navarra.es\/web1\/?p=21606"},"modified":"2025-12-17T11:00:21","modified_gmt":"2025-12-17T10:00:21","slug":"familia-tailerra","status":"publish","type":"post","link":"https:\/\/cpzizur.educacion.navarra.es\/web1\/blog\/2025\/12\/05\/familia-tailerra\/","title":{"rendered":"FAMILIA TAILERRA"},"content":{"rendered":"\n<p>Atzo, Jes\u00fas, 4 urteko aita baten bisita izan dugu eta ipuin polit bat kontatu digu.\u201cBURGI ETA PIJAMA FESTA\u201d hain zuzen ere.<\/p>\n\n\n\n<p>Oso gustora egon ginen eta primeran pasa genuen..<\/p>\n\n\n\n<p>Ayer tuvimos la visita de Jes\u00fas padre de 4 a\u00f1os que nos cont\u00f3 un bonito cuento en euskera \u201cBURGI ETA PIJAMA FESTA\u201d. Disfrutamos mucho.<\/p>\n\n\n\n<p>\u00a0\u00a0\u00a0\u00a0\u00a0\u00a0\u00a0\u00a0\u00a0\u00a0\u00a0\u00a0\u00a0\u00a0\u00a0\u00a0\u00a0\u00a0\u00a0\u00a0\u00a0\u00a0\u00a0\u00a0\u00a0\u00a0\u00a0\u00a0\u00a0\u00a0\u00a0\u00a0\u00a0\u00a0\u00a0\u00a0\u00a0\u00a0\u00a0\u00a0\u00a0ESKERRIK ASKO JESUS!!!!!!!!!<\/p>\n\n\n\n<figure class=\"wp-block-gallery has-nested-images columns-default is-cropped\">\n<figure class=\"wp-block-image size-full\"><img loading=\"lazy\" width=\"1008\" height=\"756\" data-id=\"21728\"  src=\"https:\/\/cpzizur.educacion.navarra.es\/web1\/wp-content\/uploads\/2025\/12\/IMG_6750.jpg\" alt=\"\" class=\"wp-image-21728\" srcset=\"https:\/\/cpzizur.educacion.navarra.es\/web1\/wp-content\/uploads\/2025\/12\/IMG_6750.jpg 1008w, https:\/\/cpzizur.educacion.navarra.es\/web1\/wp-content\/uploads\/2025\/12\/IMG_6750-300x225.jpg 300w, https:\/\/cpzizur.educacion.navarra.es\/web1\/wp-content\/uploads\/2025\/12\/IMG_6750-768x576.jpg 768w\" sizes=\"(max-width: 1008px) 100vw, 1008px\" \/><\/figure>\n<\/figure>\n\n\n\n<div class=\"wp-container-1 wp-block-buttons\">\n<div class=\"wp-block-button\"><a class=\"wp-block-button__link has-vivid-green-cyan-color has-text-color\" href=\"https:\/\/cpzizur.educacion.navarra.es\/web1\/?page_id=21730\">Ver galer\u00eda<\/a><\/div>\n<\/div>\n","protected":false},"excerpt":{"rendered":"<p>Atzo, Jes\u00fas, 4 urteko aita baten bisita izan dugu eta ipuin polit bat kontatu digu.\u201cBURGI ETA PIJAMA FESTA\u201d hain zuzen ere. Oso gustora egon ginen eta primeran pasa genuen.. Ayer tuvimos la visita de Jes\u00fas padre de 4 a\u00f1os que nos cont\u00f3 un bonito cuento en euskera \u201cBURGI ETA PIJAMA FESTA\u201d. Disfrutamos mucho. \u00a0\u00a0\u00a0\u00a0\u00a0\u00a0\u00a0\u00a0\u00a0\u00a0\u00a0\u00a0\u00a0\u00a0\u00a0\u00a0\u00a0\u00a0\u00a0\u00a0\u00a0\u00a0\u00a0\u00a0\u00a0\u00a0\u00a0\u00a0\u00a0\u00a0\u00a0\u00a0\u00a0\u00a0\u00a0\u00a0\u00a0\u00a0\u00a0\u00a0\u00a0ESKERRIK ASKO [&hellip;]<\/p>\n","protected":false},"author":1,"featured_media":21600,"comment_status":"closed","ping_status":"open","sticky":false,"template":"","format":"standard","meta":{"_genesis_hide_title":false,"_genesis_hide_breadcrumbs":false,"_genesis_hide_singular_image":false,"_genesis_hide_footer_widgets":false,"_genesis_custom_body_class":"","_genesis_custom_post_class":"","_genesis_layout":""},"categories":[1],"tags":[],"_links":{"self":[{"href":"https:\/\/cpzizur.educacion.navarra.es\/web1\/wp-json\/wp\/v2\/posts\/21606"}],"collection":[{"href":"https:\/\/cpzizur.educacion.navarra.es\/web1\/wp-json\/wp\/v2\/posts"}],"about":[{"href":"https:\/\/cpzizur.educacion.navarra.es\/web1\/wp-json\/wp\/v2\/types\/post"}],"author":[{"embeddable":true,"href":"https:\/\/cpzizur.educacion.navarra.es\/web1\/wp-json\/wp\/v2\/users\/1"}],"replies":[{"embeddable":true,"href":"https:\/\/cpzizur.educacion.navarra.es\/web1\/wp-json\/wp\/v2\/comments?post=21606"}],"version-history":[{"count":2,"href":"https:\/\/cpzizur.educacion.navarra.es\/web1\/wp-json\/wp\/v2\/posts\/21606\/revisions"}],"predecessor-version":[{"id":21739,"href":"https:\/\/cpzizur.educacion.navarra.es\/web1\/wp-json\/wp\/v2\/posts\/21606\/revisions\/21739"}],"wp:featuredmedia":[{"embeddable":true,"href":"https:\/\/cpzizur.educacion.navarra.es\/web1\/wp-json\/wp\/v2\/media\/21600"}],"wp:attachment":[{"href":"https:\/\/cpzizur.educacion.navarra.es\/web1\/wp-json\/wp\/v2\/media?parent=21606"}],"wp:term":[{"taxonomy":"category","embeddable":true,"href":"https:\/\/cpzizur.educacion.navarra.es\/web1\/wp-json\/wp\/v2\/categories?post=21606"},{"taxonomy":"post_tag","embeddable":true,"href":"https:\/\/cpzizur.educacion.navarra.es\/web1\/wp-json\/wp\/v2\/tags?post=21606"}],"curies":[{"name":"wp","href":"https:\/\/api.w.org\/{rel}","templated":true}]}}